{"id":5136,"date":"2019-08-12T06:42:18","date_gmt":"2019-08-12T06:42:18","guid":{"rendered":"https:\/\/bip.sanatorium-agat.pl\/?p=5136"},"modified":"2019-08-29T09:59:48","modified_gmt":"2019-08-29T09:59:48","slug":"dostosowanie-obiektu-samodzielnego-publicznego-zakladu-opieki-zdrowotnej-sanatorium-uzdrowiskowego-ministerstwa-spraw-wewnetrznych-i-administracji-agat-w-jeleniej-gorze-przy-ul-cervi-14","status":"publish","type":"post","link":"https:\/\/bip.sanatorium-agat.pl\/?p=5136","title":{"rendered":"DOSTOSOWANIE OBIEKTU SAMODZIELNEGO PUBLICZNEGO ZAK\u0141ADU OPIEKI ZDROWOTNEJ SANATORIUM UZDROWISKOWEGO MINISTERSTWA SPRAW WEWN\u0118TRZNYCH I ADMINISTRACJI \u201eAGAT&#8221; W JELENIEJ G\u00d3RZE PRZY UL. CERVI 14 &#8211; DO OBOWI\u0104ZUJ\u0104CYCH PRZEPIS\u00d3W OCHRONY P.PO\u017b."},"content":{"rendered":"<p>DOSTOSOWANIE OBIEKTU SAMODZIELNEGO PUBLICZNEGO ZAK\u0141ADU OPIEKI ZDROWOTNEJ SANATORIUM UZDROWISKOWEGO MINISTERSTWA SPRAW WEWN\u0118TRZNYCH I ADMINISTRACJI \u201eAGAT&#8221; W JELENIEJ G\u00d3RZE PRZY UL. CERVI 14 &#8211; DO OBOWI\u0104ZUJ\u0104CYCH PRZEPIS\u00d3W OCHRONY P.PO\u017b. W ZAKRESIE ETAPU I:<br \/>\n&#8211; WYDZIELENIA STREF PO\u017bAROWYCH W OBIEKCIE<br \/>\n&#8211; MONTA\u017bU SYSTEMU ODDYMIANIA KLATEK<br \/>\n&#8211; INSTALACJI O\u015aWIETLENIA EWAKUACYJNEGO, AWARYJNEGO<\/p>\n<p>Pliki do pobrania:<\/p>\n<p><a href=\"https:\/\/bip.sanatorium-agat.pl\/wp-content\/uploads\/2019\/08\/1-Og\u0142oszenie-o-zamowieniu-BZP-585058-N-2019.pdf\">[1] Og\u0142oszenie o zamowieniu BZP 585058-N-2019<\/a><\/p>\n<p><a href=\"https:\/\/bip.sanatorium-agat.pl\/wp-content\/uploads\/2019\/08\/2-SIWZ.pdf\">[2] SIWZ<\/a><\/p>\n<p><a href=\"https:\/\/bip.sanatorium-agat.pl\/wp-content\/uploads\/2019\/08\/3-Projekt-budowlany.zip\">[3] Projekt budowlany<\/a><\/p>\n<p><a href=\"https:\/\/bip.sanatorium-agat.pl\/wp-content\/uploads\/2019\/08\/4-Decycja-367_2019-pozwolenie.pdf\">[4] Decycja 367_2019-pozwolenie<\/a><\/p>\n<p><a href=\"https:\/\/bip.sanatorium-agat.pl\/wp-content\/uploads\/2019\/08\/5-ORIENTACYJNY-Przedmiar-Rob\u00f3t.pdf\">[5] ORIENTACYJNY Przedmiar Rob\u00f3t<\/a><\/p>\n<p><a href=\"https:\/\/bip.sanatorium-agat.pl\/wp-content\/uploads\/2019\/08\/6-Formularz-oferty-Za\u0142\u0105czniki.docx\">[6] Formularz oferty Za\u0142\u0105czniki<\/a><\/p>\n<p>Termin sk\u0142adania ofert: 27 sierpie\u0144 2019 r. do godz. 09:00<\/p>\n<p><a href=\"https:\/\/bip.sanatorium-agat.pl\/wp-content\/uploads\/2019\/08\/informacja.pdf\">Informacja z otwarcia ofert<\/a><\/p>\n<p><a href=\"https:\/\/bip.sanatorium-agat.pl\/wp-content\/uploads\/2019\/08\/Zawiadomienie-o-wyborze-oferty-29.08.2019-T.pdf\">Zawiadomienie o wyborze oferty 29.08.2019<\/a><\/p>\n","protected":false},"excerpt":{"rendered":"<p>DOSTOSOWANIE OBIEKTU SAMODZIELNEGO PUBLICZNEGO ZAK\u0141ADU OPIEKI ZDROWOTNEJ SANATORIUM UZDROWISKOWEGO MINISTERSTWA SPRAW WEWN\u0118TRZNYCH I ADMINISTRACJI \u201eAGAT&#8221; W JELENIEJ G\u00d3RZE PRZY UL. CERVI 14 &#8211; DO OBOWI\u0104ZUJ\u0104CYCH PRZEPIS\u00d3W OCHRONY P.PO\u017b. W ZAKRESIE ETAPU I: &#8211; WYDZIELENIA STREF PO\u017bAROWYCH W OBIEKCIE &#8211; MONTA\u017bU SYSTEMU ODDYMIANIA KLATEK &#8211; INSTALACJI O\u015aWIETLENIA EWAKUACYJNEGO, AWARYJNEGO Pliki do pobrania: [1] Og\u0142oszenie o zamowieniu [&hellip;]<\/p>\n","protected":false},"author":2,"featured_media":0,"comment_status":"closed","ping_status":"open","sticky":false,"template":"","format":"standard","meta":{"footnotes":""},"categories":[5],"tags":[],"class_list":["post-5136","post","type-post","status-publish","format-standard","hentry","category-przetargi"],"_links":{"self":[{"href":"https:\/\/bip.sanatorium-agat.pl\/index.php?rest_route=\/wp\/v2\/posts\/5136","targetHints":{"allow":["GET"]}}],"collection":[{"href":"https:\/\/bip.sanatorium-agat.pl\/index.php?rest_route=\/wp\/v2\/posts"}],"about":[{"href":"https:\/\/bip.sanatorium-agat.pl\/index.php?rest_route=\/wp\/v2\/types\/post"}],"author":[{"embeddable":true,"href":"https:\/\/bip.sanatorium-agat.pl\/index.php?rest_route=\/wp\/v2\/users\/2"}],"replies":[{"embeddable":true,"href":"https:\/\/bip.sanatorium-agat.pl\/index.php?rest_route=%2Fwp%2Fv2%2Fcomments&post=5136"}],"version-history":[{"count":4,"href":"https:\/\/bip.sanatorium-agat.pl\/index.php?rest_route=\/wp\/v2\/posts\/5136\/revisions"}],"predecessor-version":[{"id":5149,"href":"https:\/\/bip.sanatorium-agat.pl\/index.php?rest_route=\/wp\/v2\/posts\/5136\/revisions\/5149"}],"wp:attachment":[{"href":"https:\/\/bip.sanatorium-agat.pl\/index.php?rest_route=%2Fwp%2Fv2%2Fmedia&parent=5136"}],"wp:term":[{"taxonomy":"category","embeddable":true,"href":"https:\/\/bip.sanatorium-agat.pl\/index.php?rest_route=%2Fwp%2Fv2%2Fcategories&post=5136"},{"taxonomy":"post_tag","embeddable":true,"href":"https:\/\/bip.sanatorium-agat.pl\/index.php?rest_route=%2Fwp%2Fv2%2Ftags&post=5136"}],"curies":[{"name":"wp","href":"https:\/\/api.w.org\/{rel}","templated":true}]}}